{"id":973,"date":"2015-03-11T12:23:42","date_gmt":"2015-03-11T10:23:42","guid":{"rendered":"http:\/\/www.pflegestufe.com\/pflege\/?p=973"},"modified":"2016-12-15T13:39:16","modified_gmt":"2016-12-15T11:39:16","slug":"pflegeunterstuetzungeld","status":"publish","type":"post","link":"https:\/\/www.pflegestufe.com\/pflege\/pflegeunterstuetzungeld\/","title":{"rendered":"Pflegeunterst\u00fctzungsgeld"},"content":{"rendered":"<p><div class=\"fusion-fullwidth fullwidth-box fusion-builder-row-1 nonhundred-percent-fullwidth non-hundred-percent-height-scrolling\" style=\"--awb-background-position:left top;--awb-border-radius-top-left:0px;--awb-border-radius-top-right:0px;--awb-border-radius-bottom-right:0px;--awb-border-radius-bottom-left:0px;--awb-padding-top:20px;--awb-padding-right:0px;--awb-padding-bottom:20px;--awb-padding-left:0px;--awb-border-sizes-top:0px;--awb-border-sizes-bottom:0px;--awb-flex-wrap:wrap;\" ><div class=\"fusion-builder-row fusion-row\"><div class=\"fusion-layout-column fusion_builder_column fusion-builder-column-0 fusion_builder_column_1_1 1_1 fusion-one-full fusion-column-first fusion-column-last fusion-column-no-min-height\" style=\"--awb-bg-size:cover;--awb-margin-bottom:0px;\"><div class=\"fusion-column-wrapper fusion-flex-column-wrapper-legacy\"><div class=\"fusion-text fusion-text-1\"><p>Sie haben das Recht eine kurzzeitige Auszeit, von bis zu 10 Tagen pro Kalenderjahr, zu nehmen, wenn Sie eine akut auftretende Pflegesituation eines nahen Angeh\u00f6rigen organisieren, bzw. sicherstellen m\u00fcssen.<\/p>\n<p>F\u00fcr diese Auszeit kann Ihnen seit 01. Januar 2015 ein Pflegeunterst\u00fctzungsgeld gew\u00e4hrt werden. Es handelt sich dabei um eine Lohnersatzleistung der Pflegekasse Ihres Angeh\u00f6rigen. Das Pflegeunterst\u00fctzungsgeld ist auf bis zu 10 Tage pro Kalenderjahr begrenzt.<\/p>\n<p>Wenn Sie die nachfolgenden &#8220;Regeln&#8221; einhalten, sollten Sie die Anspr\u00fcche auf Pflegeunterst\u00fctzungsgeld am besten durchsetzen k\u00f6nnen:<\/p>\n<ul>\n<li>Es handelt sich um einen nahen Angeh\u00f6rigen (Kinder, Ehe- oder Lebenspartner(in), Geschwister, Eltern, Grosseltern).<\/li>\n<li>Die pflegebed\u00fcrftige Person hat &#8211; oder bekommt voraussichtlich &#8211; mindestens Pflegestufe I.<\/li>\n<li>Sie stellen bei der Pflegekasse des Angeh\u00f6rigen unverz\u00fcglich einen Antrag auf Pflegeunterst\u00fctzungsgeld.<\/li>\n<li>Sie informieren &#8211; im besten Fall vorab &#8211; aber sp\u00e4testens sofort nach Eintreten der Krisensituation Ihren Arbeitgeber.<\/li>\n<li>Sie weisen, im besten Fall, Ihrem Arbeitgeber gegen\u00fcber die Pflegebed\u00fcrftigkeit durch eine \u00e4rztliche Bescheinigung aus.<\/li>\n<li>Sie informieren Ihren Arbeitgeber unverz\u00fcglich \u00fcber die voraussichtliche Dauer (maximal 10 Tage) der Auszeit.<\/li>\n<\/ul>\n<p>Lesen Sie zum Thema \u201ePflegeunterst\u00fctzungsgeld\u201c auch den nachfolgenden den Originaltext des Bundesministeriums f\u00fcr Gesundheit:<\/p>\n<\/div><div class=\"fusion-clearfix\"><\/div><\/div><\/div><\/div><\/div><div class=\"fusion-fullwidth fullwidth-box fusion-builder-row-2 nonhundred-percent-fullwidth non-hundred-percent-height-scrolling\" style=\"--awb-background-position:left top;--awb-border-radius-top-left:0px;--awb-border-radius-top-right:0px;--awb-border-radius-bottom-right:0px;--awb-border-radius-bottom-left:0px;--awb-padding-top:20px;--awb-padding-right:0px;--awb-padding-bottom:20px;--awb-padding-left:0px;--awb-border-sizes-top:0px;--awb-border-sizes-bottom:0px;--awb-flex-wrap:wrap;\" ><div class=\"fusion-builder-row fusion-row\"><div class=\"fusion-layout-column fusion_builder_column fusion-builder-column-1 fusion_builder_column_1_1 1_1 fusion-one-full fusion-column-first fusion-column-last fusion-column-no-min-height\" style=\"--awb-bg-size:cover;--awb-margin-bottom:0px;\"><div class=\"fusion-column-wrapper fusion-flex-column-wrapper-legacy\"><div class=\"fusion-title title fusion-title-1 fusion-title-text fusion-title-size-one\" style=\"--awb-margin-top-small:10px;--awb-margin-right-small:0px;--awb-margin-bottom-small:10px;--awb-margin-left-small:0px;\"><h1 class=\"fusion-title-heading title-heading-left\" style=\"margin:0;\">Kurzzeitige Arbeitsverhinderung<\/h1><span class=\"awb-title-spacer\"><\/span><div class=\"title-sep-container\"><div class=\"title-sep sep-single sep-solid\" style=\"border-color:#e0dede;\"><\/div><\/div><\/div><div class=\"fusion-text fusion-text-2\"><p>Bei einer akut aufgetretenen Pflegesituation, in der die Pflege eines nahen Angeh\u00f6rigen zu organisieren bzw. sicherzustellen ist, haben Sie das Recht eine kurzzeitige Auszeit (bis zu 10 Tage) von der Arbeit zu nehmen. F\u00fcr diese Auszeit kann Ihnen seit dem 1. Januar 2015 ein auf bis zu zehn Tage begrenztes &#8220;Pflegeunterst\u00fctzungsgeld&#8221; gew\u00e4hrt werden. Dabei handelt es sich um eine Lohnersatzleistung der Pflegekasse Ihres Angeh\u00f6rigen an Sie.<\/p>\n<p>Eine kurzzeitige Auszeit von der Arbeit k\u00f6nnen alle Besch\u00e4ftigten f\u00fcr die \u00dcberwindung einer &#8220;Krisensituation&#8221;, in der die Pflege eines nahen Angeh\u00f6rigen zu organisieren bzw. sicherzustellen ist, nach Ma\u00dfgabe des Pflegezeitgesetzes gegen\u00fcber ihrem Arbeitgeber anmelden. Wichtig ist,<\/p>\n<ol>\n<li>dass es sich hierbei um einen nahen Angeh\u00f6rigen handelt (wie z.B. Gro\u00dfeltern, Ehegatten, Lebenspartner, Geschwister, oder Kinder).<\/li>\n<li>davon auszugehen ist, dass der pflegebed\u00fcrftige Angeh\u00f6rige voraussichtlich Pflegestufe I bis III zuerkannt bekommt.<\/li>\n<li>Sie den Arbeitgeber unverz\u00fcglich informieren, ob Sie sich f\u00fcr 10 Tage oder auch f\u00fcr weniger Tage freistellen lassen wollen.<\/li>\n<\/ol>\n<p>Auf Verlangen des Arbeitgebers m\u00fcssen Sie ihm eine \u00e4rztliche Bescheinigung \u00fcber die voraussichtliche Pflegebed\u00fcrftigkeit des oder der Angeh\u00f6rigen und die Erforderlichkeit der Arbeitsbefreiung vorlegen. Andere Unterlagen \u2013 wie z.B. den Bewilligungsbescheid der Pflegekasse bzw. des Versicherungsunternehmen Ihres Angeh\u00f6rigen &#8211; k\u00f6nnen Sie nachreichen.<\/p>\n<p>Sofern Sie keinen Anspruch auf Fortzahlung der Verg\u00fctung gegen\u00fcber Ihrem Arbeitgeber haben, k\u00f6nnen Sie einen entsprechenden Antrag bei der Pflegekasse bzw. dem Pflegeversicherungsunternehmen Ihres Angeh\u00f6rigen stellen.<\/p>\n<p>Sofern Sie die kurzzeitige Freistellung aufgrund der Versorgung eines Kindes ben\u00f6tigen, schlie\u00dft auch ein (gleichzeitiger) Bezug von Kranken- oder Verletztengeld bei Erkrankung oder Unfall des Kindes an denselben Kalendertagen die Gew\u00e4hrung eines Pflegeunterst\u00fctzungsgeldes aus.<br \/>\nWichtig ist, dass dieser Antrag von Ihnen selbst m\u00f6glichst unverz\u00fcglich dort eingereicht wird, etwaige Unterlagen wie etwa ein Attest des behandelnden Arztes des nahen Angeh\u00f6rigen oder die Gehaltsbescheinigung Ihres Arbeitgebers, k\u00f6nnen nachgereicht werden.<\/p>\n<\/div><div class=\"fusion-clearfix\"><\/div><\/div><\/div><\/div><\/div><\/p>\n","protected":false},"excerpt":{"rendered":"","protected":false},"author":1,"featured_media":0,"comment_status":"open","ping_status":"open","sticky":false,"template":"","format":"standard","meta":{"footnotes":""},"categories":[85],"tags":[],"class_list":["post-973","post","type-post","status-publish","format-standard","hentry","category-glossar"],"_links":{"self":[{"href":"https:\/\/www.pflegestufe.com\/pflege\/wp-json\/wp\/v2\/posts\/973","targetHints":{"allow":["GET"]}}],"collection":[{"href":"https:\/\/www.pflegestufe.com\/pflege\/wp-json\/wp\/v2\/posts"}],"about":[{"href":"https:\/\/www.pflegestufe.com\/pflege\/wp-json\/wp\/v2\/types\/post"}],"author":[{"embeddable":true,"href":"https:\/\/www.pflegestufe.com\/pflege\/wp-json\/wp\/v2\/users\/1"}],"replies":[{"embeddable":true,"href":"https:\/\/www.pflegestufe.com\/pflege\/wp-json\/wp\/v2\/comments?post=973"}],"version-history":[{"count":4,"href":"https:\/\/www.pflegestufe.com\/pflege\/wp-json\/wp\/v2\/posts\/973\/revisions"}],"predecessor-version":[{"id":1073,"href":"https:\/\/www.pflegestufe.com\/pflege\/wp-json\/wp\/v2\/posts\/973\/revisions\/1073"}],"wp:attachment":[{"href":"https:\/\/www.pflegestufe.com\/pflege\/wp-json\/wp\/v2\/media?parent=973"}],"wp:term":[{"taxonomy":"category","embeddable":true,"href":"https:\/\/www.pflegestufe.com\/pflege\/wp-json\/wp\/v2\/categories?post=973"},{"taxonomy":"post_tag","embeddable":true,"href":"https:\/\/www.pflegestufe.com\/pflege\/wp-json\/wp\/v2\/tags?post=973"}],"curies":[{"name":"wp","href":"https:\/\/api.w.org\/{rel}","templated":true}]}}