{"id":931,"date":"2015-02-16T16:05:42","date_gmt":"2015-02-16T14:05:42","guid":{"rendered":"http:\/\/www.pflegestufe.com\/pflege\/?p=931"},"modified":"2016-12-15T13:39:16","modified_gmt":"2016-12-15T11:39:16","slug":"ablehnung-der-einstufung-im-fachlexikon","status":"publish","type":"post","link":"https:\/\/www.pflegestufe.com\/pflege\/ablehnung-der-einstufung-im-fachlexikon\/","title":{"rendered":"Ablehnung der Einstufung im Fachlexikon"},"content":{"rendered":"<div class=\"fusion-fullwidth fullwidth-box fusion-builder-row-1 nonhundred-percent-fullwidth non-hundred-percent-height-scrolling\" style=\"--awb-background-position:left top;--awb-border-radius-top-left:0px;--awb-border-radius-top-right:0px;--awb-border-radius-bottom-right:0px;--awb-border-radius-bottom-left:0px;--awb-padding-top:20px;--awb-padding-right:0px;--awb-padding-bottom:20px;--awb-padding-left:0px;--awb-border-sizes-top:0px;--awb-border-sizes-bottom:0px;--awb-flex-wrap:wrap;\" ><div class=\"fusion-builder-row fusion-row\"><div class=\"fusion-layout-column fusion_builder_column fusion-builder-column-0 fusion_builder_column_1_1 1_1 fusion-one-full fusion-column-first fusion-column-last fusion-column-no-min-height\" style=\"--awb-bg-size:cover;--awb-margin-bottom:0px;\"><div class=\"fusion-column-wrapper fusion-flex-column-wrapper-legacy\"><div class=\"fusion-title title fusion-title-1 fusion-title-text fusion-title-size-two\" style=\"--awb-margin-top-small:10px;--awb-margin-right-small:0px;--awb-margin-bottom-small:10px;--awb-margin-left-small:0px;\"><h2 class=\"fusion-title-heading title-heading-left\" style=\"margin:0;\">Ablehnung der Einstufung nach Begutachtung<\/h2><span class=\"awb-title-spacer\"><\/span><div class=\"title-sep-container\"><div class=\"title-sep sep-single sep-solid\" style=\"border-color:#e0dede;\"><\/div><\/div><\/div><div class=\"fusion-text fusion-text-1\"><p>Die Begutachtung des Medizinischen Dienstes der Krankenkassen (MDK) hat ergeben, das der Antragsteller einen Pflegebedarf unterhalb der gerechtfertigten Pflegestufe hat.<\/p>\n<p>Wenn Sie der Meinung sind, dass der Antragsteller mit dem vom Gutachter festgestellten Hilfebedarf nicht ausreichend pflegerisch zu versorgen ist, k\u00f6nnen Sie innerhalb von vier Wochen nach Eingang des Ablehnungsbescheides Widerspruch einlegen.<\/p>\n<p>Unsere Experten haben im Laufe der letzten Jahre festgestellt, dass \u00fcber 70 Prozent aller Pflegegutachten vom MDK so sehr an den Richtlinien zur Begutachtung von Pflegebed\u00fcrftigkeit &#8220;vorbei gehen&#8221;, dass der daraus resultierende Bescheid der Pflegekasse, h\u00e4tte anders ausfallen m\u00fcssen<\/p>\n<p>(siehe <a title=\"Mit Widerspruch zur gerechten Pflegestufe\" href=\"https:\/\/www.pflegestufe.com\/pflege\/mit-widerspruch-zur-gerechten-pflegestufe\/\">Widerspruch bei Ablehnung der Einstufung<\/a>)<\/p>\n<\/div><div class=\"fusion-clearfix\"><\/div><\/div><\/div><\/div><\/div>\n","protected":false},"excerpt":{"rendered":"","protected":false},"author":1,"featured_media":0,"comment_status":"open","ping_status":"open","sticky":false,"template":"","format":"standard","meta":{"footnotes":""},"categories":[85],"tags":[96,93],"class_list":["post-931","post","type-post","status-publish","format-standard","hentry","category-glossar","tag-abgelehnt","tag-pflegestufe"],"_links":{"self":[{"href":"https:\/\/www.pflegestufe.com\/pflege\/wp-json\/wp\/v2\/posts\/931","targetHints":{"allow":["GET"]}}],"collection":[{"href":"https:\/\/www.pflegestufe.com\/pflege\/wp-json\/wp\/v2\/posts"}],"about":[{"href":"https:\/\/www.pflegestufe.com\/pflege\/wp-json\/wp\/v2\/types\/post"}],"author":[{"embeddable":true,"href":"https:\/\/www.pflegestufe.com\/pflege\/wp-json\/wp\/v2\/users\/1"}],"replies":[{"embeddable":true,"href":"https:\/\/www.pflegestufe.com\/pflege\/wp-json\/wp\/v2\/comments?post=931"}],"version-history":[{"count":7,"href":"https:\/\/www.pflegestufe.com\/pflege\/wp-json\/wp\/v2\/posts\/931\/revisions"}],"predecessor-version":[{"id":1067,"href":"https:\/\/www.pflegestufe.com\/pflege\/wp-json\/wp\/v2\/posts\/931\/revisions\/1067"}],"wp:attachment":[{"href":"https:\/\/www.pflegestufe.com\/pflege\/wp-json\/wp\/v2\/media?parent=931"}],"wp:term":[{"taxonomy":"category","embeddable":true,"href":"https:\/\/www.pflegestufe.com\/pflege\/wp-json\/wp\/v2\/categories?post=931"},{"taxonomy":"post_tag","embeddable":true,"href":"https:\/\/www.pflegestufe.com\/pflege\/wp-json\/wp\/v2\/tags?post=931"}],"curies":[{"name":"wp","href":"https:\/\/api.w.org\/{rel}","templated":true}]}}