{"id":84,"date":"2011-10-25T13:03:39","date_gmt":"2011-10-25T11:03:39","guid":{"rendered":"http:\/\/www.pflegestufe.com\/pflege\/?p=84"},"modified":"2016-12-15T13:39:20","modified_gmt":"2016-12-15T11:39:20","slug":"unsere-gesellschaft-ohne-pflegende-angehoerige","status":"publish","type":"post","link":"https:\/\/www.pflegestufe.com\/pflege\/unsere-gesellschaft-ohne-pflegende-angehoerige\/","title":{"rendered":"Unsere Gesellschaft ohne pflegende Angeh\u00f6rige?!"},"content":{"rendered":"<div class=\"fusion-fullwidth fullwidth-box fusion-builder-row-1 nonhundred-percent-fullwidth non-hundred-percent-height-scrolling\" style=\"--awb-background-position:left top;--awb-border-radius-top-left:0px;--awb-border-radius-top-right:0px;--awb-border-radius-bottom-right:0px;--awb-border-radius-bottom-left:0px;--awb-padding-top:0px;--awb-padding-right:0px;--awb-padding-bottom:0px;--awb-padding-left:0px;--awb-background-color:no;--awb-border-sizes-top:0px;--awb-border-sizes-bottom:0px;--awb-flex-wrap:wrap;\" ><div class=\"fusion-builder-row fusion-row\"><div class=\"fusion-layout-column fusion_builder_column fusion-builder-column-0 fusion_builder_column_1_1 1_1 fusion-one-full fusion-column-first fusion-column-last fusion-column-no-min-height\" style=\"--awb-bg-size:cover;--awb-margin-bottom:0px;\"><div class=\"fusion-column-wrapper fusion-flex-column-wrapper-legacy\"><div class=\"fusion-title title fusion-title-1 fusion-title-text fusion-title-size-one\" style=\"--awb-margin-top-small:10px;--awb-margin-right-small:0px;--awb-margin-bottom-small:10px;--awb-margin-left-small:0px;\"><h1 class=\"fusion-title-heading title-heading-left\" style=\"margin:0;\">Unsere Gesellschaft ohne pflegende Angeh\u00f6rige?!<\/h1><span class=\"awb-title-spacer\"><\/span><div class=\"title-sep-container\"><div class=\"title-sep sep-single sep-solid\" style=\"border-color:#e0dede;\"><\/div><\/div><\/div><div class=\"fusion-text fusion-text-1\"><p>Mehr als zwei Millionen Menschen in Deutschland sind Pflegebed\u00fcrftig. Der gr\u00f6\u00dfte Teil (etwa 69 Prozent) wird Zuhause, also in den eigenen vier W\u00e4nden, von Angeh\u00f6rigen betreut. Das ist f\u00fcr die pflegenden Angeh\u00f6rigen eine sehr belastende Erfahrung, die nicht selten an die eigene Substanz geht und somit die eigene Gesundheit belastet.<\/p>\n<p>Was bedeut es f\u00fcr uns alle, wenn diese pflegenden Angeh\u00f6rigen ab morgen streiken oder wenn es sie einfach nicht mehr gibt?<\/p>\n<p>Klar, die normale Antwort k\u00f6nnte lauten: Was geht mich das an?<\/p>\n<p>Ich bin jung und habe keine Verwandten, die gepflegt werden m\u00fcssen. Und dennoch behaupte ich, dass es uns alle, also die gesamte Gesellschaft etwas angeht!<\/p>\n<p>Warum leisten pflegende Angeh\u00f6rige der gesamten Gesellschaft einen sehr gro\u00dfen Dienst?<\/p>\n<p>Genau da m\u00f6chte ich einmal ansetzen und erl\u00e4utern, warum pflegende Angeh\u00f6rige der gesamten Solidargemeinschaft Deutschland, einen gro\u00dfen Dienst erweisen. Dabei lasse ich absichtliche s\u00e4mtlliche menschliche und emotionale Gef\u00fchle aussen vor. Obwohl ich zugebe, dass es mir schwer f\u00e4llt, da wir bei Pflegebed\u00fcrftigen immer und ausschliesslich \u00fcber Menschen sprechen, die selbst ebenfalls Empfindungen und Gef\u00fchle haben. Hier geht es aber nur um monit\u00e4re, also finanzielle Gesichtspunkte, die alle betrifft.<\/p>\n<p>Was ist nun, wenn es keine pflegenden Angeh\u00f6rigen mehr gibt? &#8211; Was ist, wenn sich niemand mehr f\u00fcr pflegebed\u00fcrftige Menschen verantwortlich f\u00fchlt?<\/p>\n<p>Die Antwort auf diese Fragen ist relativ einfach:<\/p>\n<p>Die Pflegekassen w\u00e4ren innerhalb sehr kurzer Zeit zahlungsunf\u00e4hig! &#8211; Sie fragen sich nun, warum das denn?<\/p>\n<p>Wer soll sich um die pflegebed\u00fcrftigen Personen k\u00fcmmern, wenn es nicht die Angeh\u00f6rigen in den eigenen vier W\u00e4nden \u00fcbernehmen? Die Senioren m\u00fcssten in einer vollstation\u00e4ren Pflegeeinrichtung untergebracht werden. In F\u00e4llen, in denen die Heimnotwendigkeitsbescheinigung nicht ausgestellt wird, bleibt dann nur noch die professionelle Pflege durch ambulante Pflegedienste.<\/p>\n<p>Aber in beiden F\u00e4llen gilt: Es wird Monat f\u00fcr Monat teurer f\u00fcr die Pflegekassen!<\/p>\n<p>Dazu nachfolgend eine fiktive Kalkulation, die nicht real ist und dennoch so oder \u00e4hnlich zutreffen w\u00fcrde:<\/p>\n<p>Gehen wir einmal von 2.340.000 pflegebed\u00fcrftigen Menschen in Deutschland aus.<br \/>\nDavon werden, wie oben angenommen, 69% also 1.620.000 Menschen in den eigenen vier W\u00e4nden gepflegt.<br \/>\nDie unglaublilche Zahl von rund 1.065.000 Pflegebd\u00fcrftigen werden allein durch die H\u00e4nde von pflegenden Angeh\u00f6rigen gepflegt.<br \/>\nNehmen wir weiter an, dass alle pflegebed\u00fcrftigen Personen aus dem oben genannten Beispiel &#8222;nur&#8220; die Pflegestufe 1 haben.<br \/>\n(Die Realit\u00e4t sind anders aus: Pflegestufe I: 680.000 ; Pflegestufe II: 303.000 ; Pflegestufe III: 82.000)<br \/>\nNehmen wir weiter an, dass keine einzige dieser pflegebed\u00fcrftigen Personen eine Heimnotwendigkeitsbescheinigung ausgestellt bekommt.<br \/>\nDann m\u00fcssten die Pflegekassen allein aufgrund dieser, sehr sch\u00f6n gerechneten Betrachtung, f\u00fcr 1.065.000 Menschen jeden Monat 215 EUR mehr an Leistungen zahlen.<br \/>\n(Leistungsart Geldleistung bei Pflegestufe I = 225 EUR pro Monat und Leistungsart Sachleistung bei Pflegestufe I = 440 EUR pro Monat)<\/p>\n<p>Zusammenfassend bedeutet das eine Mehrbelastung von 228.975.000 EUR pro Monat. Das macht in einem Jahr 2.747.700.000 EUR!<\/p>\n<p>K\u00f6nnen Sie die Zahlen nicht mehr eindeutig erkennen?<\/p>\n<p>Ich helfe Ihnen gern und schreibe diese nachfolgend einmal f\u00fcr Sie aus:<\/p>\n<p>Pro Monat: Zwei Millionen Neunhundertf\u00fcnfundsiebzigtausend Euro<br \/>\nPro Jahr: Zwei Milliarden Siebenhundertsiebenundvierzigmillionen Siebenhunderttausend Euro<\/p>\n<p>Ersparen Sie mir und vor allem Ihnen als Leser, an dieser Stelle die echten Zahlen, also unter Ber\u00fccksichtigung der tats\u00e4chlichen Pflegestufen, darzustellen. Abgesehen davon, w\u00fcrden nicht alle Heimnotwendigkeitsbescheinigungen abgelehnt werden k\u00f6nnen und somit w\u00e4re die Zahlungsverpflichtung der Pflegekassen f\u00fcr die station\u00e4re Unterbringung in einer Pflegeeinrichtung noch um ein Vielfaches h\u00f6her.<\/p>\n<p>Unter Umst\u00e4nden werde ich zuk\u00fcnftig an dieser Stelle einmal eine realere Sicht darstellen, wenn meine Zeit dies zulassen sollte.<\/p>\n<p>Eines ist jedoch klar:<\/p>\n<p>Pflegende Angeh\u00f6rige sind eine grosse St\u00fctze der Gemeinschaft. Sie leisten t\u00e4glich und ohne auf den eigenen Vorteil zu achten Unglaubliches, erhalten daf\u00fcr keinen Verdienst und kaum Anerkennung.<\/p>\n<p>Wenn Sie pflegende Angeh\u00f6rige kennen, laden Sie diese Menschen mal zu einem Eis ein, kochen Sie einmal f\u00fcr sie oder schenken Sie ihnen einfach ein paar Blumen.<\/p>\n<\/div><div class=\"fusion-clearfix\"><\/div><\/div><\/div><\/div><\/div>\n","protected":false},"excerpt":{"rendered":"","protected":false},"author":1,"featured_media":0,"comment_status":"open","ping_status":"open","sticky":false,"template":"","format":"standard","meta":{"footnotes":""},"categories":[53],"tags":[6],"class_list":["post-84","post","type-post","status-publish","format-standard","hentry","category-schlagzeilen-pflege","tag-pflegende-angehoerige"],"_links":{"self":[{"href":"https:\/\/www.pflegestufe.com\/pflege\/wp-json\/wp\/v2\/posts\/84","targetHints":{"allow":["GET"]}}],"collection":[{"href":"https:\/\/www.pflegestufe.com\/pflege\/wp-json\/wp\/v2\/posts"}],"about":[{"href":"https:\/\/www.pflegestufe.com\/pflege\/wp-json\/wp\/v2\/types\/post"}],"author":[{"embeddable":true,"href":"https:\/\/www.pflegestufe.com\/pflege\/wp-json\/wp\/v2\/users\/1"}],"replies":[{"embeddable":true,"href":"https:\/\/www.pflegestufe.com\/pflege\/wp-json\/wp\/v2\/comments?post=84"}],"version-history":[{"count":1,"href":"https:\/\/www.pflegestufe.com\/pflege\/wp-json\/wp\/v2\/posts\/84\/revisions"}],"predecessor-version":[{"id":210,"href":"https:\/\/www.pflegestufe.com\/pflege\/wp-json\/wp\/v2\/posts\/84\/revisions\/210"}],"wp:attachment":[{"href":"https:\/\/www.pflegestufe.com\/pflege\/wp-json\/wp\/v2\/media?parent=84"}],"wp:term":[{"taxonomy":"category","embeddable":true,"href":"https:\/\/www.pflegestufe.com\/pflege\/wp-json\/wp\/v2\/categories?post=84"},{"taxonomy":"post_tag","embeddable":true,"href":"https:\/\/www.pflegestufe.com\/pflege\/wp-json\/wp\/v2\/tags?post=84"}],"curies":[{"name":"wp","href":"https:\/\/api.w.org\/{rel}","templated":true}]}}