{"id":1346,"date":"2015-04-21T12:16:35","date_gmt":"2015-04-21T10:16:35","guid":{"rendered":"http:\/\/www.pflegestufe.com\/pflege\/?p=1346"},"modified":"2016-12-15T13:39:16","modified_gmt":"2016-12-15T11:39:16","slug":"mit-einem-pflegetagebuch-zur-pflegestufe","status":"publish","type":"post","link":"https:\/\/www.pflegestufe.com\/pflege\/mit-einem-pflegetagebuch-zur-pflegestufe\/","title":{"rendered":"Mit einem Pflegetagebuch zur Pflegestufe"},"content":{"rendered":"<p><div class=\"fusion-fullwidth fullwidth-box fusion-builder-row-1 nonhundred-percent-fullwidth non-hundred-percent-height-scrolling\" style=\"--awb-background-position:left top;--awb-border-radius-top-left:0px;--awb-border-radius-top-right:0px;--awb-border-radius-bottom-right:0px;--awb-border-radius-bottom-left:0px;--awb-padding-top:20px;--awb-padding-right:0px;--awb-padding-bottom:20px;--awb-padding-left:0px;--awb-border-sizes-top:0px;--awb-border-sizes-bottom:0px;--awb-flex-wrap:wrap;\" ><div class=\"fusion-builder-row fusion-row\"><div class=\"fusion-layout-column fusion_builder_column fusion-builder-column-0 fusion_builder_column_1_1 1_1 fusion-one-full fusion-column-first fusion-column-last fusion-column-no-min-height\" style=\"--awb-bg-size:cover;--awb-margin-bottom:0px;\"><div class=\"fusion-column-wrapper fusion-flex-column-wrapper-legacy\"><div class=\"fusion-title title fusion-title-1 fusion-title-text fusion-title-size-two\" style=\"--awb-margin-top-small:10px;--awb-margin-right-small:0px;--awb-margin-bottom-small:10px;--awb-margin-left-small:0px;\"><h2 class=\"fusion-title-heading title-heading-left\" style=\"margin:0;\">Leistungen der Pflegekasse<\/h2><span class=\"awb-title-spacer\"><\/span><div class=\"title-sep-container\"><div class=\"title-sep sep-double sep-solid\" style=\"border-color:#e0dede;\"><\/div><\/div><\/div><div class=\"fusion-text fusion-text-1\"><p>Wenn Menschen ohne fremde Hilfe nicht mehr zurechtkommen, weil sie Pflegebed\u00fcrftig geworden sind, haben sie vermutlich Anspruch auf eine <a title=\"Pflegestufen\" href=\"https:\/\/www.pflegestufe.com\/pflege\/pflegestufen\/\">Pflegestufe<\/a>.<\/p>\n<p>Dazu ist es lediglich notwendig einen entsprechenden <a title=\"Pflegeantrag\" href=\"https:\/\/www.pflegestufe.com\/pflege\/pflegeantrag\/\">Pflegeantrag<\/a> zu stellen. Rufen Sie einfach bei der zust\u00e4ndigen Pflegekasse an und beantragen sie Leistungen der Pflegeversicherung, beantragen Sie eine Pflegestufe.<\/p>\n<\/div><div class=\"fusion-clearfix\"><\/div><\/div><\/div><\/div><\/div><div class=\"fusion-fullwidth fullwidth-box fusion-builder-row-2 nonhundred-percent-fullwidth non-hundred-percent-height-scrolling\" style=\"--awb-background-position:left top;--awb-border-radius-top-left:0px;--awb-border-radius-top-right:0px;--awb-border-radius-bottom-right:0px;--awb-border-radius-bottom-left:0px;--awb-padding-top:20px;--awb-padding-right:0px;--awb-padding-bottom:20px;--awb-padding-left:0px;--awb-border-sizes-top:0px;--awb-border-sizes-bottom:0px;--awb-flex-wrap:wrap;\" ><div class=\"fusion-builder-row fusion-row\"><div class=\"fusion-layout-column fusion_builder_column fusion-builder-column-1 fusion_builder_column_1_1 1_1 fusion-one-full fusion-column-first fusion-column-last fusion-column-no-min-height\" style=\"--awb-bg-size:cover;--awb-margin-bottom:0px;\"><div class=\"fusion-column-wrapper fusion-flex-column-wrapper-legacy\"><div class=\"fusion-title title fusion-title-2 fusion-title-text fusion-title-size-two\" style=\"--awb-margin-top-small:10px;--awb-margin-right-small:0px;--awb-margin-bottom-small:10px;--awb-margin-left-small:0px;\"><h2 class=\"fusion-title-heading title-heading-left\" style=\"margin:0;\">Begutachtung durch den MDK<\/h2><span class=\"awb-title-spacer\"><\/span><div class=\"title-sep-container\"><div class=\"title-sep sep-double sep-solid\" style=\"border-color:#e0dede;\"><\/div><\/div><\/div><div class=\"fusion-text fusion-text-2\"><p>Nach dem der Pflegeantrag bei der Pflegekasse eingegangen ist, beauftragt die Pflegekasse den Medizinischen Dienst der Krankenkassen (<a title=\"Medizinischer Dienst der Krankenkassen (MDK)\" href=\"https:\/\/www.pflegestufe.com\/pflege\/medizinischer-dienst-der-krankenkassen-mdk\/\">MDK<\/a>) damit, eine <a title=\"Begutachtung durch den Medizinischen Dienst der Krankenkassen (MDK)\" href=\"https:\/\/www.pflegestufe.com\/pflege\/begutachtung-durch-den-medizinischen-dienst-der-krankenkassen-mdk\/\">Begutachtung<\/a> durchzuf\u00fchren. Dazu kommt eine Gutachterin oder ein Gutachter des MDK zu Ihnen nach Hause und erstellt ein Pflegegutachten.<\/p>\n<\/div><div class=\"fusion-clearfix\"><\/div><\/div><\/div><\/div><\/div><div class=\"fusion-fullwidth fullwidth-box fusion-builder-row-3 nonhundred-percent-fullwidth non-hundred-percent-height-scrolling\" style=\"--awb-background-position:left top;--awb-border-radius-top-left:0px;--awb-border-radius-top-right:0px;--awb-border-radius-bottom-right:0px;--awb-border-radius-bottom-left:0px;--awb-padding-top:20px;--awb-padding-right:0px;--awb-padding-bottom:20px;--awb-padding-left:0px;--awb-border-sizes-top:0px;--awb-border-sizes-bottom:0px;--awb-flex-wrap:wrap;\" ><div class=\"fusion-builder-row fusion-row\"><div class=\"fusion-layout-column fusion_builder_column fusion-builder-column-2 fusion_builder_column_1_1 1_1 fusion-one-full fusion-column-first fusion-column-last fusion-column-no-min-height\" style=\"--awb-bg-size:cover;--awb-margin-bottom:0px;\"><div class=\"fusion-column-wrapper fusion-flex-column-wrapper-legacy\"><div class=\"fusion-title title fusion-title-3 fusion-title-text fusion-title-size-two\" style=\"--awb-margin-top-small:10px;--awb-margin-right-small:0px;--awb-margin-bottom-small:10px;--awb-margin-left-small:0px;\"><h2 class=\"fusion-title-heading title-heading-left\" style=\"margin:0;\">Der Bescheid der Pflegekasse<\/h2><span class=\"awb-title-spacer\"><\/span><div class=\"title-sep-container\"><div class=\"title-sep sep-double sep-solid\" style=\"border-color:#e0dede;\"><\/div><\/div><\/div><div class=\"fusion-text fusion-text-3\"><p>Die Pflegekasse erh\u00e4lt, im Normalfall innerhalb von 24 Stunden nach der Begutachtung, das Pflegegutachten des MDK und erstellt auf Basis des Pflegegutachtens einen Bescheid. Falls dieser Bescheid zu einer gerechten Pflegestufe f\u00fchrt, ist alles in Ordnung.<\/p>\n<p>Sie haben Anspruch auf Leistungen der Pflegeversicherung und erhalten eine gerechtfertigte Einstufung in eine Pflegestufe.<\/p>\n<p>Falls der Bescheid er Pflegekasse nicht zur erforderlichen Pflegestufe f\u00fchrt, sollten Sie innerhalb eines Monats <a title=\"Mit Widerspruch zur gerechten Pflegestufe\" href=\"https:\/\/www.pflegestufe.com\/pflege\/mit-widerspruch-zur-gerechten-pflegestufe\/\">Widerspruch<\/a> einlegen und diesen m\u00f6glichst kurzfristig begr\u00fcnden \u2013 oder im besten Fall professionell begr\u00fcnden lassen.<\/p>\n<\/div><div class=\"fusion-clearfix\"><\/div><\/div><\/div><\/div><\/div><div class=\"fusion-fullwidth fullwidth-box fusion-builder-row-4 nonhundred-percent-fullwidth non-hundred-percent-height-scrolling\" style=\"--awb-background-position:left top;--awb-border-radius-top-left:0px;--awb-border-radius-top-right:0px;--awb-border-radius-bottom-right:0px;--awb-border-radius-bottom-left:0px;--awb-padding-top:20px;--awb-padding-right:0px;--awb-padding-bottom:20px;--awb-padding-left:0px;--awb-border-sizes-top:0px;--awb-border-sizes-bottom:0px;--awb-flex-wrap:wrap;\" ><div class=\"fusion-builder-row fusion-row\"><div class=\"fusion-layout-column fusion_builder_column fusion-builder-column-3 fusion_builder_column_1_1 1_1 fusion-one-full fusion-column-first fusion-column-last fusion-column-no-min-height\" style=\"--awb-bg-size:cover;--awb-margin-bottom:0px;\"><div class=\"fusion-column-wrapper fusion-flex-column-wrapper-legacy\"><div class=\"fusion-title title fusion-title-4 fusion-title-text fusion-title-size-two\" style=\"--awb-margin-top-small:10px;--awb-margin-right-small:0px;--awb-margin-bottom-small:10px;--awb-margin-left-small:0px;\"><h2 class=\"fusion-title-heading title-heading-left\" style=\"margin:0;\">Mit einem Pflegetagebuch zur Pflegestufe<\/h2><span class=\"awb-title-spacer\"><\/span><div class=\"title-sep-container\"><div class=\"title-sep sep-double sep-solid\" style=\"border-color:#e0dede;\"><\/div><\/div><\/div><div class=\"fusion-text fusion-text-4\"><p>Sp\u00e4testens nach einem ablehnenden Bescheid, also der abgelehnten Pflegestufe, sollen Sie ein Pflegetagebuch f\u00fchren. In diesem Pflegetagebuch sollen Sie alle Hilfestellungen (sogenannte Verrichtungen) dokumentieren, die t\u00e4glich anfallen.<\/p>\n<p>Das steht \u00fcberall so geschrieben und wird auch \u00fcberall so beraten. Das Pflegetagebuch f\u00fchrt dann also zur gerechten Pflegestufe?!<\/p>\n<p>Nach dem formlosen Widerspruch (innerhalb der Monatsfrist) erhalten Sie von der Pflegekasse eine Eingangsbest\u00e4tigung und den Hinweis auf das F\u00fchren eines solchen Pflegetagebuchs. Das alles klingt selten wie eine Empfehlung, als viel mehr wie eine Anweisung. Es sieht eher danach aus, als w\u00e4re es Ihre Pflicht als Mitglied einer Pflegekasse, ein Pflegetagebuch f\u00fchren zu m\u00fcssen.<\/p>\n<blockquote>\n<p>Aber das ist selbstverst\u00e4ndlich Unsinn!<\/p>\n<\/blockquote>\n<\/div><div class=\"fusion-clearfix\"><\/div><\/div><\/div><\/div><\/div><div class=\"fusion-fullwidth fullwidth-box fusion-builder-row-5 nonhundred-percent-fullwidth non-hundred-percent-height-scrolling\" style=\"--awb-background-position:left top;--awb-border-radius-top-left:0px;--awb-border-radius-top-right:0px;--awb-border-radius-bottom-right:0px;--awb-border-radius-bottom-left:0px;--awb-padding-top:20px;--awb-padding-right:0px;--awb-padding-bottom:20px;--awb-padding-left:0px;--awb-border-sizes-top:0px;--awb-border-sizes-bottom:0px;--awb-flex-wrap:wrap;\" ><div class=\"fusion-builder-row fusion-row\"><div class=\"fusion-layout-column fusion_builder_column fusion-builder-column-4 fusion_builder_column_1_1 1_1 fusion-one-full fusion-column-first fusion-column-last fusion-column-no-min-height\" style=\"--awb-bg-size:cover;--awb-margin-bottom:0px;\"><div class=\"fusion-column-wrapper fusion-flex-column-wrapper-legacy\"><div class=\"fusion-title title fusion-title-5 fusion-title-text fusion-title-size-two\" style=\"--awb-margin-top-small:10px;--awb-margin-right-small:0px;--awb-margin-bottom-small:10px;--awb-margin-left-small:0px;\"><h2 class=\"fusion-title-heading title-heading-left\" style=\"margin:0;\">Ohne Pflegetagebuch zur Pflegestufe<\/h2><span class=\"awb-title-spacer\"><\/span><div class=\"title-sep-container\"><div class=\"title-sep sep-double sep-solid\" style=\"border-color:#e0dede;\"><\/div><\/div><\/div><div class=\"fusion-text fusion-text-5\"><p>In der Praxis f\u00fchrt ein Pflegetagebuch nicht zur Pflegestufe! In der Praxis liest sich ein Gutachter (w\/m) des MDK ein solches Pflegetagebuch \u00fcberhaupt nicht durch. In den meisten F\u00e4llen wird das Pflegetagebuch nicht einmal beachtet!<\/p>\n<p>Warum also ein Pflegetagebuch f\u00fchren, wenn pflegende Angeh\u00f6rige sowieso schon keine Freizeit mehr kennen und pflegende Angeh\u00f6rige auch ohne Pflegetagebuch, in den meisten F\u00e4llen, am Rande ihrer Kr\u00e4fte sind?<\/p>\n<\/div><div class=\"fusion-clearfix\"><\/div><\/div><\/div><\/div><\/div><div class=\"fusion-fullwidth fullwidth-box fusion-builder-row-6 nonhundred-percent-fullwidth non-hundred-percent-height-scrolling\" style=\"--awb-background-position:left top;--awb-border-radius-top-left:0px;--awb-border-radius-top-right:0px;--awb-border-radius-bottom-right:0px;--awb-border-radius-bottom-left:0px;--awb-padding-top:20px;--awb-padding-right:0px;--awb-padding-bottom:20px;--awb-padding-left:0px;--awb-border-sizes-top:0px;--awb-border-sizes-bottom:0px;--awb-flex-wrap:wrap;\" ><div class=\"fusion-builder-row fusion-row\"><div class=\"fusion-layout-column fusion_builder_column fusion-builder-column-5 fusion_builder_column_1_1 1_1 fusion-one-full fusion-column-first fusion-column-last fusion-column-no-min-height\" style=\"--awb-bg-size:cover;--awb-margin-bottom:0px;\"><div class=\"fusion-column-wrapper fusion-flex-column-wrapper-legacy\"><div class=\"fusion-title title fusion-title-6 fusion-title-text fusion-title-size-two\" style=\"--awb-margin-top-small:10px;--awb-margin-right-small:0px;--awb-margin-bottom-small:10px;--awb-margin-left-small:0px;\"><h2 class=\"fusion-title-heading title-heading-left\" style=\"margin:0;\">Steuertagebuch statt Steuererkl\u00e4rung<\/h2><span class=\"awb-title-spacer\"><\/span><div class=\"title-sep-container\"><div class=\"title-sep sep-double sep-solid\" style=\"border-color:#e0dede;\"><\/div><\/div><\/div><div class=\"fusion-text fusion-text-6\"><p>F\u00fcr die Leser, die einen Zweifel an der Kritik gegen\u00fcber dem\u00a0Pflegetagebuch haben, gibt es ein nettes (wenn auch nicht ganz ernst zu nehmendes Beispiel).<\/p>\n<p>Warum \u00fcberzeugen Sie das Finanzamt im kommenden Jahr nicht mal mit einem Steuertagebuch? Statt sich an Steuerregeln zu halten, dokumentieren Sie einfach in einem (Steuer)Tagebuch, warum es Ihnen nicht m\u00f6glich ist, Steuern zu zahlen.<\/p>\n<p>Die Steuerregeln sind in diesem Beispiel das Gegenst\u00fcck zu den Richtlinien zur Begutachtung von Pflegebed\u00fcrftigkeit (BRi).<\/p>\n<p>Mit anderen Worten:<\/p>\n<p>Sie k\u00f6nnten theoretisch durch ein Pflegetagebuch nachweisen, dass der Pflegebedarf h\u00f6her ist, als der MDK diesen im vorstehenden Pflegegutachten dargestellt hat. Aber dazu m\u00fcssten Sie die Richtlinien zur Begutachtung von Pflegebed\u00fcrftigkeit kennen!<\/p>\n<p>Voraus gesetzt, dass die Gutachterinnen und Gutachter Ihre Aufzeichnung im Pflegetagebuch \u00fcberhaupt ber\u00fccksichtigen.<\/p>\n<p>Sie erkennen vermutlich die vergleichbaren Komponenten<\/p>\n<ul>\n<li>Pflegetagebuch = Steuertagebuch<\/li>\n<li>MDK-Gutachter(in) = Finanzbeamte(r)<\/li>\n<li>Pflegegutachten = Steuerbescheid<\/li>\n<\/ul>\n<p>Das Pflegetagebuch war sicher einmal eine gute Idee. So lange es aber die abh\u00e4ngigen Strukturen im Pflegesystem gibt, f\u00fchrt das Pflegetagebuch nicht\u00a0&#8211; oder nur sehr selten &#8211; zu einer gerechtfertigten Pflegestufe.<\/p>\n<\/div><div class=\"fusion-clearfix\"><\/div><\/div><\/div><\/div><\/div><\/p>\n","protected":false},"excerpt":{"rendered":"<p>Wenn Menschen ohne fremde Hilfe nicht mehr zurechtkommen, weil sie Pflegebed\u00fcrftig geworden sind, haben sie vermutlich Anspruch auf eine Pflegestufe.<br \/>\nDazu ist es lediglich notwendig einen&#8230;<\/p>\n","protected":false},"author":2,"featured_media":0,"comment_status":"open","ping_status":"open","sticky":false,"template":"","format":"standard","meta":{"footnotes":""},"categories":[53],"tags":[82],"class_list":["post-1346","post","type-post","status-publish","format-standard","hentry","category-schlagzeilen-pflege","tag-pflegetagebuch"],"_links":{"self":[{"href":"https:\/\/www.pflegestufe.com\/pflege\/wp-json\/wp\/v2\/posts\/1346","targetHints":{"allow":["GET"]}}],"collection":[{"href":"https:\/\/www.pflegestufe.com\/pflege\/wp-json\/wp\/v2\/posts"}],"about":[{"href":"https:\/\/www.pflegestufe.com\/pflege\/wp-json\/wp\/v2\/types\/post"}],"author":[{"embeddable":true,"href":"https:\/\/www.pflegestufe.com\/pflege\/wp-json\/wp\/v2\/users\/2"}],"replies":[{"embeddable":true,"href":"https:\/\/www.pflegestufe.com\/pflege\/wp-json\/wp\/v2\/comments?post=1346"}],"version-history":[{"count":1,"href":"https:\/\/www.pflegestufe.com\/pflege\/wp-json\/wp\/v2\/posts\/1346\/revisions"}],"predecessor-version":[{"id":1347,"href":"https:\/\/www.pflegestufe.com\/pflege\/wp-json\/wp\/v2\/posts\/1346\/revisions\/1347"}],"wp:attachment":[{"href":"https:\/\/www.pflegestufe.com\/pflege\/wp-json\/wp\/v2\/media?parent=1346"}],"wp:term":[{"taxonomy":"category","embeddable":true,"href":"https:\/\/www.pflegestufe.com\/pflege\/wp-json\/wp\/v2\/categories?post=1346"},{"taxonomy":"post_tag","embeddable":true,"href":"https:\/\/www.pflegestufe.com\/pflege\/wp-json\/wp\/v2\/tags?post=1346"}],"curies":[{"name":"wp","href":"https:\/\/api.w.org\/{rel}","templated":true}]}}