{"id":1158,"date":"2012-01-24T13:14:21","date_gmt":"2012-01-24T11:14:21","guid":{"rendered":"http:\/\/www.pflegestufe.com\/pflege\/?p=1158"},"modified":"2016-12-15T13:39:20","modified_gmt":"2016-12-15T11:39:20","slug":"neutrale-pruefung-des-mdk-gutachtens-durch-unabhaengige-pruefer","status":"publish","type":"post","link":"https:\/\/www.pflegestufe.com\/pflege\/neutrale-pruefung-des-mdk-gutachtens-durch-unabhaengige-pruefer\/","title":{"rendered":"Neutrale Pr\u00fcfung des MDK-Gutachtens durch unabh\u00e4ngige Pr\u00fcfer"},"content":{"rendered":"<p><div class=\"fusion-fullwidth fullwidth-box fusion-builder-row-1 nonhundred-percent-fullwidth non-hundred-percent-height-scrolling\" style=\"--awb-background-position:left top;--awb-border-radius-top-left:0px;--awb-border-radius-top-right:0px;--awb-border-radius-bottom-right:0px;--awb-border-radius-bottom-left:0px;--awb-padding-top:20px;--awb-padding-right:0px;--awb-padding-bottom:20px;--awb-padding-left:0px;--awb-border-sizes-top:0px;--awb-border-sizes-bottom:0px;--awb-flex-wrap:wrap;\" ><div class=\"fusion-builder-row fusion-row\"><div class=\"fusion-layout-column fusion_builder_column fusion-builder-column-0 fusion_builder_column_1_1 1_1 fusion-one-full fusion-column-first fusion-column-last fusion-column-no-min-height\" style=\"--awb-bg-size:cover;--awb-margin-bottom:0px;\"><div class=\"fusion-column-wrapper fusion-flex-column-wrapper-legacy\"><div class=\"fusion-title title fusion-title-1 fusion-title-text fusion-title-size-two\" style=\"--awb-margin-top-small:10px;--awb-margin-right-small:0px;--awb-margin-bottom-small:10px;--awb-margin-left-small:0px;\"><h2 class=\"fusion-title-heading title-heading-left\" style=\"margin:0;\">Ist der MDK unabh\u00e4ngig?<\/h2><span class=\"awb-title-spacer\"><\/span><div class=\"title-sep-container\"><div class=\"title-sep sep-single sep-solid\" style=\"border-color:#e0dede;\"><\/div><\/div><\/div><div class=\"fusion-text fusion-text-1\"><p>Neutrale Pr\u00fcfung des MDK-Gutachtens durch unabh\u00e4ngige Pr\u00fcfer. So wird es den\u00a0Mitgliedern (Versicherten) der Pflegekassen &#8220;verkauft&#8221;.<\/p>\n<p><strong>Kann eine vom Spitzenverband der gesetzlichen Krankenkassen (GKV) finanzierte Institution vollst\u00e4ndig neutral und unabh\u00e4ngig sein?<\/strong><\/p>\n<p>Wir k\u00f6nnen Ihnen diese Frage nicht beantworten. Oder besser noch: Wir wollen Ihnen diese Frage nicht beantworten. Denken Sie einmal selbst dar\u00fcber nach. Sollten Sie mit einem Gutachten vom Medizinischen Dienst der Krankenkassen (MDK) nicht zufrieden sein, empfiehlt sich die Pr\u00fcfung durch eine unabh\u00e4ngige Stelle mit ausreichender Erfahrung.<\/p>\n<p>Das gleiche gilt selbstverst\u00e4ndlich auch f\u00fcr Pflegebed\u00fcrftige, die bei einer privaten Krankenversicherung versichert sind und durch MEDICPROOF begutachtet wurden.<\/p>\n<\/div><div class=\"fusion-clearfix\"><\/div><\/div><\/div><\/div><\/div><div id=\"yes\" class=\"fusion-container-anchor\"><div class=\"fusion-fullwidth fullwidth-box fusion-builder-row-2 nonhundred-percent-fullwidth non-hundred-percent-height-scrolling no\" style=\"--awb-background-position:left top;--awb-border-radius-top-left:0px;--awb-border-radius-top-right:0px;--awb-border-radius-bottom-right:0px;--awb-border-radius-bottom-left:0px;--awb-padding-top:0px;--awb-padding-right:0px;--awb-padding-bottom:0px;--awb-padding-left:0px;--awb-background-color:no;--awb-flex-wrap:wrap;\" ><div class=\"fusion-builder-row fusion-row\"><div class=\"fusion-layout-column fusion_builder_column fusion-builder-column-1 fusion_builder_column_1_1 1_1 fusion-one-full fusion-column-first fusion-column-last fusion-column-no-min-height\" style=\"--awb-bg-size:cover;--awb-margin-bottom:0px;\"><div class=\"fusion-column-wrapper fusion-flex-column-wrapper-legacy\"><div class=\"fusion-title title fusion-title-2 fusion-title-text fusion-title-size-two\" style=\"--awb-margin-top-small:10px;--awb-margin-right-small:0px;--awb-margin-bottom-small:10px;--awb-margin-left-small:0px;\"><h2 class=\"fusion-title-heading title-heading-left\" style=\"margin:0;\">Unverbindliche Anfrage &#8211; Pflegestufe durch Widerspruch<\/h2><span class=\"awb-title-spacer\"><\/span><div class=\"title-sep-container\"><div class=\"title-sep sep-single sep-solid\" style=\"border-color:#e0dede;\"><\/div><\/div><\/div><div class=\"fusion-text fusion-text-2\"><p>[contact-form-7 id=&#8221;1028&#8243; title=&#8221;Widerspruch&#8221;]<\/p>\n<\/div><div class=\"fusion-clearfix\"><\/div><\/div><\/div><\/div><\/div><\/div><\/p>\n","protected":false},"excerpt":{"rendered":"<p>Kann eine vom Spitzenverband der gesetzlichen Krankenkassen (GKV) finanzierte Institution vollst\u00e4ndig neutral und unabh\u00e4ngig sein?&#8230;<\/p>\n","protected":false},"author":1,"featured_media":0,"comment_status":"open","ping_status":"open","sticky":false,"template":"","format":"standard","meta":{"footnotes":""},"categories":[53],"tags":[105,106],"class_list":["post-1158","post","type-post","status-publish","format-standard","hentry","category-schlagzeilen-pflege","tag-mdk","tag-unabhaengige-pruefung"],"_links":{"self":[{"href":"https:\/\/www.pflegestufe.com\/pflege\/wp-json\/wp\/v2\/posts\/1158","targetHints":{"allow":["GET"]}}],"collection":[{"href":"https:\/\/www.pflegestufe.com\/pflege\/wp-json\/wp\/v2\/posts"}],"about":[{"href":"https:\/\/www.pflegestufe.com\/pflege\/wp-json\/wp\/v2\/types\/post"}],"author":[{"embeddable":true,"href":"https:\/\/www.pflegestufe.com\/pflege\/wp-json\/wp\/v2\/users\/1"}],"replies":[{"embeddable":true,"href":"https:\/\/www.pflegestufe.com\/pflege\/wp-json\/wp\/v2\/comments?post=1158"}],"version-history":[{"count":4,"href":"https:\/\/www.pflegestufe.com\/pflege\/wp-json\/wp\/v2\/posts\/1158\/revisions"}],"predecessor-version":[{"id":1162,"href":"https:\/\/www.pflegestufe.com\/pflege\/wp-json\/wp\/v2\/posts\/1158\/revisions\/1162"}],"wp:attachment":[{"href":"https:\/\/www.pflegestufe.com\/pflege\/wp-json\/wp\/v2\/media?parent=1158"}],"wp:term":[{"taxonomy":"category","embeddable":true,"href":"https:\/\/www.pflegestufe.com\/pflege\/wp-json\/wp\/v2\/categories?post=1158"},{"taxonomy":"post_tag","embeddable":true,"href":"https:\/\/www.pflegestufe.com\/pflege\/wp-json\/wp\/v2\/tags?post=1158"}],"curies":[{"name":"wp","href":"https:\/\/api.w.org\/{rel}","templated":true}]}}