{"id":1150,"date":"2011-11-17T12:47:16","date_gmt":"2011-11-17T10:47:16","guid":{"rendered":"http:\/\/www.pflegestufe.com\/pflege\/?p=1150"},"modified":"2016-12-15T13:39:20","modified_gmt":"2016-12-15T11:39:20","slug":"aenderung-beim-pflegezeitgesetz","status":"publish","type":"post","link":"https:\/\/www.pflegestufe.com\/pflege\/aenderung-beim-pflegezeitgesetz\/","title":{"rendered":"\u00c4nderung beim Pflegezeitgesetz"},"content":{"rendered":"<div class=\"fusion-fullwidth fullwidth-box fusion-builder-row-1 nonhundred-percent-fullwidth non-hundred-percent-height-scrolling\" style=\"--awb-background-position:left top;--awb-border-radius-top-left:0px;--awb-border-radius-top-right:0px;--awb-border-radius-bottom-right:0px;--awb-border-radius-bottom-left:0px;--awb-padding-top:20px;--awb-padding-right:0px;--awb-padding-bottom:20px;--awb-padding-left:0px;--awb-border-sizes-top:0px;--awb-border-sizes-bottom:0px;--awb-flex-wrap:wrap;\" ><div class=\"fusion-builder-row fusion-row\"><div class=\"fusion-layout-column fusion_builder_column fusion-builder-column-0 fusion_builder_column_1_1 1_1 fusion-one-full fusion-column-first fusion-column-last fusion-column-no-min-height\" style=\"--awb-bg-size:cover;--awb-margin-bottom:0px;\"><div class=\"fusion-column-wrapper fusion-flex-column-wrapper-legacy\"><div class=\"fusion-title title fusion-title-1 fusion-title-text fusion-title-size-two\" style=\"--awb-margin-top-small:10px;--awb-margin-right-small:0px;--awb-margin-bottom-small:10px;--awb-margin-left-small:0px;\"><h2 class=\"fusion-title-heading title-heading-left\" style=\"margin:0;\">\u00c4nderung beim Pflegezeitgesetz ab 01.01.2012<\/h2><span class=\"awb-title-spacer\"><\/span><div class=\"title-sep-container\"><div class=\"title-sep sep-single sep-solid\" style=\"border-color:#e0dede;\"><\/div><\/div><\/div><div class=\"fusion-text fusion-text-1\"><p>Ab dem 01.01.2012 soll sich das Pflegezeitgesetz (BGB) \u00e4ndern.<\/p>\n<p>Arbeitnehmer, die ihren Angeh\u00f6rigen pflegen, k\u00f6nnen dann bis zu zwei Jahre (derzeit bis zu sechs Monate) Ihre Arbeitszeit auf bis zu 15 Stunden verringern.<\/p>\n<p>Das soll, bei Unternehmen mit mehr als 15 Mitarbeitern, \u00fcber eine freiwillige Vereinbarung mit dem Arbeitgeber geschehen.<\/p>\n<p>Das durch die Verringerung der Arbeitszeit geringere Entgelt soll f\u00fcr die Dauer der Pflegezeit um die H\u00e4lfte des Differenzbetrages durch den Arbeitgeber ausgeglichen werden. Der Arbeitgeber kann f\u00fcr die Finanzierung der Lohnzusch\u00fcsse ein Darlehen beim Bundesamt f\u00fcr Familie und zivilgesellschaftlicher Aufgaben beantragen.<\/p>\n<p>Nach Beendigung der Pflegezeit erh\u00e4lt der Arbeitnehmer bei voller Arbeitszeit weiterhin das reduzierte Entgelt, bis die Finanzierung der Lohnzusch\u00fcsse wieder ausgeglichen ist.<\/p>\n<\/div><div class=\"fusion-clearfix\"><\/div><\/div><\/div><\/div><\/div>\n","protected":false},"excerpt":{"rendered":"","protected":false},"author":1,"featured_media":0,"comment_status":"open","ping_status":"open","sticky":false,"template":"","format":"standard","meta":{"footnotes":""},"categories":[53],"tags":[],"class_list":["post-1150","post","type-post","status-publish","format-standard","hentry","category-schlagzeilen-pflege"],"_links":{"self":[{"href":"https:\/\/www.pflegestufe.com\/pflege\/wp-json\/wp\/v2\/posts\/1150","targetHints":{"allow":["GET"]}}],"collection":[{"href":"https:\/\/www.pflegestufe.com\/pflege\/wp-json\/wp\/v2\/posts"}],"about":[{"href":"https:\/\/www.pflegestufe.com\/pflege\/wp-json\/wp\/v2\/types\/post"}],"author":[{"embeddable":true,"href":"https:\/\/www.pflegestufe.com\/pflege\/wp-json\/wp\/v2\/users\/1"}],"replies":[{"embeddable":true,"href":"https:\/\/www.pflegestufe.com\/pflege\/wp-json\/wp\/v2\/comments?post=1150"}],"version-history":[{"count":1,"href":"https:\/\/www.pflegestufe.com\/pflege\/wp-json\/wp\/v2\/posts\/1150\/revisions"}],"predecessor-version":[{"id":1151,"href":"https:\/\/www.pflegestufe.com\/pflege\/wp-json\/wp\/v2\/posts\/1150\/revisions\/1151"}],"wp:attachment":[{"href":"https:\/\/www.pflegestufe.com\/pflege\/wp-json\/wp\/v2\/media?parent=1150"}],"wp:term":[{"taxonomy":"category","embeddable":true,"href":"https:\/\/www.pflegestufe.com\/pflege\/wp-json\/wp\/v2\/categories?post=1150"},{"taxonomy":"post_tag","embeddable":true,"href":"https:\/\/www.pflegestufe.com\/pflege\/wp-json\/wp\/v2\/tags?post=1150"}],"curies":[{"name":"wp","href":"https:\/\/api.w.org\/{rel}","templated":true}]}}